{"id":1622,"date":"2025-04-02T08:28:37","date_gmt":"2025-04-02T08:28:37","guid":{"rendered":"https:\/\/ekonomska.skolabd.edu.ba\/?p=1622"},"modified":"2025-04-02T08:37:49","modified_gmt":"2025-04-02T08:37:49","slug":"adna-merdanovic-najbolja-sportiskinja-brcko-distrikta-bih","status":"publish","type":"post","link":"http:\/\/ekonomska.skolabd.edu.ba\/index.php\/2025\/04\/02\/adna-merdanovic-najbolja-sportiskinja-brcko-distrikta-bih\/","title":{"rendered":"U\u010cENICA NA\u0160E \u0160KOLE ADNA MERDANOVI\u0106 NAJBOLJA SPORTISKINJA BR\u010cKO DISTRIKTA BIH ZA 2024. GODINU"},"content":{"rendered":"<p><img loading=\"lazy\" decoding=\"async\" class=\"size-medium wp-image-1625 aligncenter\" src=\"http:\/\/ekonomska.skolabd.edu.ba\/wp-content\/uploads\/2025\/04\/ADNA-MERDANOVIC-300x300.jpg\" alt=\"\" width=\"300\" height=\"300\" srcset=\"http:\/\/ekonomska.skolabd.edu.ba\/wp-content\/uploads\/2025\/04\/ADNA-MERDANOVIC-300x300.jpg 300w, http:\/\/ekonomska.skolabd.edu.ba\/wp-content\/uploads\/2025\/04\/ADNA-MERDANOVIC-1024x1020.jpg 1024w, http:\/\/ekonomska.skolabd.edu.ba\/wp-content\/uploads\/2025\/04\/ADNA-MERDANOVIC-150x150.jpg 150w, http:\/\/ekonomska.skolabd.edu.ba\/wp-content\/uploads\/2025\/04\/ADNA-MERDANOVIC-768x765.jpg 768w, http:\/\/ekonomska.skolabd.edu.ba\/wp-content\/uploads\/2025\/04\/ADNA-MERDANOVIC-740x740.jpg 740w, http:\/\/ekonomska.skolabd.edu.ba\/wp-content\/uploads\/2025\/04\/ADNA-MERDANOVIC-500x500.jpg 500w, http:\/\/ekonomska.skolabd.edu.ba\/wp-content\/uploads\/2025\/04\/ADNA-MERDANOVIC.jpg 1175w\" sizes=\"auto, (max-width: 300px) 100vw, 300px\" \/><\/p>\n<p>ADNA MERDANOVI\u0106 NAJBOLJA SPORTISTKINJA BR\u010cKO DISTRIKTA BIH<br class=\"html-br\" \/><br class=\"html-br\" \/><span class=\"html-span xexx8yu x4uap5 x18d9i69 xkhd6sd x1hl2dhg x16tdsg8 x1vvkbs x3nfvp2 x1j61x8r x1fcty0u xdj266r xat24cr xgzva0m xhhsvwb xxymvpz xlup9mm x1kky2od\"><img loading=\"lazy\" decoding=\"async\" class=\"xz74otr x168nmei x13lgxp2 x5pf9jr xo71vjh\" src=\"https:\/\/static.xx.fbcdn.net\/images\/emoji.php\/v9\/tfd\/1\/16\/1f9e1.png\" alt=\"\ud83e\udde1\" width=\"16\" height=\"16\" \/><\/span>\u00a0| Na sino\u0107 odr\u017eanoj sve\u010danoj manifestaciji Izbor sportiste godine Br\u010dko distrikta BIH, u organizaciji Odjeljenja za privredni razvoj, sport i kulturu Vlade Br\u010dko distrikta BiH, koja je odr\u017eana u br\u010danskom Domu kulture na\u0161a\u00a0<span class=\"html-span xdj266r x11i5rnm xat24cr x1mh8g0r xexx8yu x4uap5 x18d9i69 xkhd6sd x1hl2dhg x16tdsg8 x1vvkbs\"><a class=\"x1i10hfl xjbqb8w x1ejq31n xd10rxx x1sy0etr x17r0tee x972fbf xcfux6l x1qhh985 xm0m39n x9f619 x1ypdohk xt0psk2 xe8uvvx xdj266r x11i5rnm xat24cr x1mh8g0r xexx8yu x4uap5 x18d9i69 xkhd6sd x16tdsg8 x1hl2dhg xggy1nq x1a2a7pz xkrqix3 x1sur9pj xzsf02u x1s688f\" tabindex=\"0\" role=\"link\" href=\"https:\/\/www.facebook.com\/hashtag\/lavica?__eep__=6&amp;__cft__[0]=AZUw1h38hc17_fZexQnmw4skvnc_3YI7aORXxlbP5NKpoQnChTVOBqikRv3sc9BPYKC_FLaRl9exM8-9Xq8ripMHpX-YS9cpNE5mNZK1ccIEmN5cz5gdloDFULQclRx5UPFWGJqza4H3X3tyCCM3A1WzqRfUH_XDvnY5iD6C66fX6tVYrYRJnsYF4FdQPa-uBWk3wHoKlA480HnyyRoYliseNfx6yhZKZz8jX1Wq78uTkQ&amp;__tn__=*NK*F\">#Lavica<\/a><\/span>\u00a0ADNA MERDANOVI\u0106 progla\u0161ena je za Najbolju sportistkinju Br\u010dko distrikta BiH za 2024. godinu. Ovo priznanje je najve\u0107a nagrada koju jedna sportistkinja mo\u017ee dobiti u Br\u010dko distriktu BiH za postignute rezultate na sportskom terenu.<br class=\"html-br\" \/><br class=\"html-br\" \/><span class=\"html-span xexx8yu x4uap5 x18d9i69 xkhd6sd x1hl2dhg x16tdsg8 x1vvkbs x3nfvp2 x1j61x8r x1fcty0u xdj266r xat24cr xgzva0m xhhsvwb xxymvpz xlup9mm x1kky2od\"><img loading=\"lazy\" decoding=\"async\" class=\"xz74otr x168nmei x13lgxp2 x5pf9jr xo71vjh\" src=\"https:\/\/static.xx.fbcdn.net\/images\/emoji.php\/v9\/ta8\/1\/16\/1f396.png\" alt=\"\ud83c\udf96\ufe0f\" width=\"16\" height=\"16\" \/><\/span>\u00a0| Adna Merdanovi\u0107 je protekle sezone sa na\u0161im klubom ostvarila sljede\u0107e uspjehe:<br class=\"html-br\" \/><br class=\"html-br\" \/>Seniorski vice\u0161ampion Bosne i Hercegovine<br class=\"html-br\" \/>Seniorski vice\u0161ampion Kupa Republike Srpske<br class=\"html-br\" \/>Juniorski \u0161ampion Bosne i Hercegovine<br class=\"html-br\" \/>Juniorski vice\u0161ampion Republike Srpske<br class=\"html-br\" \/>Kadetski vice\u0161ampion Republike Srpske<br class=\"html-br\" \/><br class=\"html-br\" \/><span class=\"html-span xexx8yu x4uap5 x18d9i69 xkhd6sd x1hl2dhg x16tdsg8 x1vvkbs x3nfvp2 x1j61x8r x1fcty0u xdj266r xat24cr xgzva0m xhhsvwb xxymvpz xlup9mm x1kky2od\"><img loading=\"lazy\" decoding=\"async\" class=\"xz74otr x168nmei x13lgxp2 x5pf9jr xo71vjh\" src=\"https:\/\/static.xx.fbcdn.net\/images\/emoji.php\/v9\/ta8\/1\/16\/1f396.png\" alt=\"\ud83c\udf96\ufe0f\" width=\"16\" height=\"16\" \/><\/span>\u00a0| Sa kadetskom U16 reprezentacijom Bosne i Hercegovine nastupila je na Evropskom prvenstvu B divizije u Turskoj i bila najbolji asistent reprezentacije sa prosje\u010dnim u\u010dinkom od 3,3 asistencije po me\u010du.<br class=\"html-br\" \/><br class=\"html-br\" \/><span class=\"html-span xexx8yu x4uap5 x18d9i69 xkhd6sd x1hl2dhg x16tdsg8 x1vvkbs x3nfvp2 x1j61x8r x1fcty0u xdj266r xat24cr xgzva0m xhhsvwb xxymvpz xlup9mm x1kky2od\"><img loading=\"lazy\" decoding=\"async\" class=\"xz74otr x168nmei x13lgxp2 x5pf9jr xo71vjh\" src=\"https:\/\/static.xx.fbcdn.net\/images\/emoji.php\/v9\/t64\/1\/16\/1f91d.png\" alt=\"\ud83e\udd1d\" width=\"16\" height=\"16\" \/><\/span>\u00a0| \u010cestitke na\u0161oj Adni na sjajnom uspjehu i vjerujemo da \u0107e i u teku\u0107oj godini pokazati koliko zaista vrijedi, te da je ko\u0161akra\u0161ica koja je budu\u0107nost bosanskohercegova\u010dke ko\u0161arke.<br class=\"html-br\" \/><br class=\"html-br\" \/><span class=\"html-span xexx8yu x4uap5 x18d9i69 xkhd6sd x1hl2dhg x16tdsg8 x1vvkbs x3nfvp2 x1j61x8r x1fcty0u xdj266r xat24cr xgzva0m xhhsvwb xxymvpz xlup9mm x1kky2od\"><img loading=\"lazy\" decoding=\"async\" class=\"xz74otr x168nmei x13lgxp2 x5pf9jr xo71vjh\" src=\"https:\/\/static.xx.fbcdn.net\/images\/emoji.php\/v9\/tfd\/1\/16\/1f9e1.png\" alt=\"\ud83e\udde1\" width=\"16\" height=\"16\" \/><\/span>\u00a0| S razlogom ponosni!<\/p>\n","protected":false},"excerpt":{"rendered":"<p>ADNA MERDANOVI\u0106 NAJBOLJA SPORTISTKINJA BR\u010cKO DISTRIKTA BIH\u00a0| Na sino\u0107 odr\u017eanoj sve\u010danoj manifestaciji Izbor sportiste godine Br\u010dko distrikta BIH, u organizaciji Odjeljenja za privredni razvoj, sport i kulturu Vlade Br\u010dko distrikta BiH, koja je odr\u017eana u br\u010danskom Domu kulture na\u0161a\u00a0#Lavica\u00a0ADNA MERDANOVI\u0106 progla\u0161ena je za Najbolju sportistkinju Br\u010dko distrikta BiH za 2024. godinu. Ovo priznanje je najve\u0107a&hellip;<\/p>\n","protected":false},"author":1,"featured_media":0,"comment_status":"closed","ping_status":"open","sticky":false,"template":"","format":"standard","meta":{"footnotes":""},"categories":[1],"tags":[],"class_list":["post-1622","post","type-post","status-publish","format-standard","hentry","category-uncategorized"],"gutentor_comment":0,"_links":{"self":[{"href":"http:\/\/ekonomska.skolabd.edu.ba\/index.php\/wp-json\/wp\/v2\/posts\/1622","targetHints":{"allow":["GET"]}}],"collection":[{"href":"http:\/\/ekonomska.skolabd.edu.ba\/index.php\/wp-json\/wp\/v2\/posts"}],"about":[{"href":"http:\/\/ekonomska.skolabd.edu.ba\/index.php\/wp-json\/wp\/v2\/types\/post"}],"author":[{"embeddable":true,"href":"http:\/\/ekonomska.skolabd.edu.ba\/index.php\/wp-json\/wp\/v2\/users\/1"}],"replies":[{"embeddable":true,"href":"http:\/\/ekonomska.skolabd.edu.ba\/index.php\/wp-json\/wp\/v2\/comments?post=1622"}],"version-history":[{"count":6,"href":"http:\/\/ekonomska.skolabd.edu.ba\/index.php\/wp-json\/wp\/v2\/posts\/1622\/revisions"}],"predecessor-version":[{"id":1632,"href":"http:\/\/ekonomska.skolabd.edu.ba\/index.php\/wp-json\/wp\/v2\/posts\/1622\/revisions\/1632"}],"wp:attachment":[{"href":"http:\/\/ekonomska.skolabd.edu.ba\/index.php\/wp-json\/wp\/v2\/media?parent=1622"}],"wp:term":[{"taxonomy":"category","embeddable":true,"href":"http:\/\/ekonomska.skolabd.edu.ba\/index.php\/wp-json\/wp\/v2\/categories?post=1622"},{"taxonomy":"post_tag","embeddable":true,"href":"http:\/\/ekonomska.skolabd.edu.ba\/index.php\/wp-json\/wp\/v2\/tags?post=1622"}],"curies":[{"name":"wp","href":"https:\/\/api.w.org\/{rel}","templated":true}]}}